{"id":654,"date":"2015-11-02T21:59:22","date_gmt":"2015-11-02T20:59:22","guid":{"rendered":"http:\/\/www.crisalerno.it\/?p=654"},"modified":"2015-11-02T21:59:22","modified_gmt":"2015-11-02T20:59:22","slug":"arrivano-gli-opsa-del-comitato-locale-di-salerno","status":"publish","type":"post","link":"https:\/\/www.crisalerno.it\/?p=654","title":{"rendered":"Arrivano gli Opsa del Comitato Locale di Salerno"},"content":{"rendered":"<p style=\"text-align: justify;\">Gli Operatori Polivalenti di Soccorso in Acqua sbarcano definitivamente a Salerno. \u00c8 stata costituita questa mattina la squadra <strong>Opsa del Comitato Locale di Salerno<\/strong>. Confermato quale Referente Tecnico Locale per i Soccorsi speciali il volontario Umberto Alfieri. A capo della squadra Opsa del Comitato Locale di Salerno, invece, vi sar\u00e0 il volontario Domenico Cinque.<\/p>\n<p style=\"text-align: justify;\">Nei giorni passati, il presidente di Croce Rossa Italiana &#8211; Comitato Locale di Salerno ha firmato la determina con la quale \u00e8 stata approvata la formazione della squadra Opsa del Comitato. Fra le valutazioni che hanno fatto propendere il presidente Carucci verso questa decisione, l&#8217;ottimo lavoro sin qui svolto dagli operatori impegnati nel servizio di pattugliamento del litorale salernitano. A luglio scorso, infatti, il presidente Carucci e il comandante della Capitaneria di Porto di Salerno, il capitano di vascello Gaetano Angora, firmarono un <a href=\"http:\/\/www.guardiacostiera.gov.it\/salerno\/Pages\/La-Capitaneria-di-porto-di-Salerno-firma-il-Protocollo-d'Intesa-con-la-Croce-Rossa-Italiana-%E2%80%9ELa-Capitaneria-di-porto-di-Sal.aspx\" target=\"_blank\">protocollo di intesa<\/a>, che ha dato vita a una proficua collaborazione.<\/p>\n<p style=\"text-align: justify;\"><a href=\"http:\/\/www.crisalerno.it\/wp-content\/uploads\/2015\/11\/Intesa.jpg\"><img decoding=\"async\" loading=\"lazy\" class=\"alignnone size-full wp-image-660\" src=\"http:\/\/www.crisalerno.it\/wp-content\/uploads\/2015\/11\/Intesa.jpg\" alt=\"Protocollo d'intesa\" width=\"960\" height=\"640\" srcset=\"https:\/\/www.crisalerno.it\/wp-content\/uploads\/2015\/11\/Intesa.jpg 960w, https:\/\/www.crisalerno.it\/wp-content\/uploads\/2015\/11\/Intesa-300x200.jpg 300w, https:\/\/www.crisalerno.it\/wp-content\/uploads\/2015\/11\/Intesa-254x169.jpg 254w, https:\/\/www.crisalerno.it\/wp-content\/uploads\/2015\/11\/Intesa-210x140.jpg 210w, https:\/\/www.crisalerno.it\/wp-content\/uploads\/2015\/11\/Intesa-330x220.jpg 330w, https:\/\/www.crisalerno.it\/wp-content\/uploads\/2015\/11\/Intesa-250x167.jpg 250w\" sizes=\"(max-width: 960px) 100vw, 960px\" \/><\/a><\/p>\n<p style=\"text-align: justify;\">Per tutta l&#8217;estate, gli operatori del Comitato hanno presidiato il litorale a bordo delle vedette della Capitaneria di Porto. Durante le attivit\u00e0, non di rado i Volontari sono intervenuti per prestare soccorso ai bagnanti in difficolt\u00e0. Ad agosto scorso, gli Opsa del Comitato Locale si trovarono ad affrontare la tragedia del mare, che vide la morte di un uomo e il ferimento di un altro. In tutte queste situazioni, gli Operatori Polivalenti di Soccorso in Acqua hanno dimostrato grande competenza.<\/p>\n<p><iframe loading=\"lazy\" src=\"https:\/\/www.youtube.com\/embed\/xWW0byJHe60?rel=0\" width=\"730\" height=\"548\" frameborder=\"0\" allowfullscreen=\"allowfullscreen\"><\/iframe><\/p>\n<p style=\"text-align: justify;\">Da qui la decisione di costituire la squadra di Opsa del Comitato Locale di Salerno. \u00abFino a non molto tempo fa, il Comitato Locale di Salerno era sprovvisto di una squadra Opsa &#8211; rileva il presidente Carucci &#8211; una mancanza inspiegabile, se si pensa che la citt\u00e0 affaccia completamente sul mare, alla quale abbiamo voluto porre rimedio\u00bb. A guidare la squadra vi sar\u00e0 il volontario Domenico Cinque, che ha gi\u00e0 avuto modo di mettere in mostra le proprie competenze. Questi risponder\u00e0 alle direttive del Referente Tecnico Locale, contestualmente confermato, il volontario Umberto Alfieri. Accanto questi, vi saranno il volontario Davide Gaeta, istruttore sommozzatore di assistenza subacquea, Orlando Russo, in qualit\u00e0 di aiuto-istruttore, Antonio Abate e Giancarlo Catone, quali conduttori di mezzi con potenza superiore ai 40 CV. Infine, faranno parte della squadra i volontari Maurizio Alato, Giacomo Gonnella, Luca Pagano, Donato Vece.<\/p>\n<p style=\"text-align: justify;\">Gli Operatori Polivalenti di Soccorso in Acqua sono Volontari provenienti tanto dai Volontari, quanto dalle componenti militari della Croce Rossa Italiana (Corpo Militare e Infermiere Volontarie) con particolari competenze nel settore del soccorso in acqua. Gli aspiranti operatori accedono al corso, dopo una selezione tesa a verificare le qualit\u00e0 fisiche. Successivamente, il soccorritore viene addestrato alle tecniche del salvataggio dei bagnanti in difficolt\u00e0.<\/p>\n","protected":false},"excerpt":{"rendered":"<p>Gli Operatori Polivalenti di Soccorso in Acqua sbarcano definitivamente a Salerno. \u00c8 stata costituita questa mattina la squadra Opsa del Comitato Locale di Salerno. Confermato quale Referente Tecnico Locale per i Soccorsi speciali il volontario Umberto Alfieri. A capo della squadra Opsa del Comitato Locale di Salerno, invece, vi sar\u00e0 il volontario Domenico Cinque. Nei [&hellip;]<\/p>\n","protected":false},"author":1,"featured_media":655,"comment_status":"closed","ping_status":"closed","sticky":false,"template":"","format":"standard","meta":[],"categories":[35],"tags":[],"_links":{"self":[{"href":"https:\/\/www.crisalerno.it\/index.php?rest_route=\/wp\/v2\/posts\/654"}],"collection":[{"href":"https:\/\/www.crisalerno.it\/index.php?rest_route=\/wp\/v2\/posts"}],"about":[{"href":"https:\/\/www.crisalerno.it\/index.php?rest_route=\/wp\/v2\/types\/post"}],"author":[{"embeddable":true,"href":"https:\/\/www.crisalerno.it\/index.php?rest_route=\/wp\/v2\/users\/1"}],"replies":[{"embeddable":true,"href":"https:\/\/www.crisalerno.it\/index.php?rest_route=%2Fwp%2Fv2%2Fcomments&post=654"}],"version-history":[{"count":8,"href":"https:\/\/www.crisalerno.it\/index.php?rest_route=\/wp\/v2\/posts\/654\/revisions"}],"predecessor-version":[{"id":667,"href":"https:\/\/www.crisalerno.it\/index.php?rest_route=\/wp\/v2\/posts\/654\/revisions\/667"}],"wp:featuredmedia":[{"embeddable":true,"href":"https:\/\/www.crisalerno.it\/index.php?rest_route=\/wp\/v2\/media\/655"}],"wp:attachment":[{"href":"https:\/\/www.crisalerno.it\/index.php?rest_route=%2Fwp%2Fv2%2Fmedia&parent=654"}],"wp:term":[{"taxonomy":"category","embeddable":true,"href":"https:\/\/www.crisalerno.it\/index.php?rest_route=%2Fwp%2Fv2%2Fcategories&post=654"},{"taxonomy":"post_tag","embeddable":true,"href":"https:\/\/www.crisalerno.it\/index.php?rest_route=%2Fwp%2Fv2%2Ftags&post=654"}],"curies":[{"name":"wp","href":"https:\/\/api.w.org\/{rel}","templated":true}]}}