{"id":2683,"date":"2021-08-02T17:50:50","date_gmt":"2021-08-02T15:50:50","guid":{"rendered":"https:\/\/www.crisalerno.it\/?p=2683"},"modified":"2021-08-02T17:52:10","modified_gmt":"2021-08-02T15:52:10","slug":"corsi-bls-d-abilitati-129-farmacisti-di-federfarma-salerno","status":"publish","type":"post","link":"https:\/\/www.crisalerno.it\/?p=2683","title":{"rendered":"Corsi BLS-D: abilitati 129 farmacisti di Federfarma Salerno"},"content":{"rendered":"<p>Si sono conclusi i corsi BLS-D, (manovre di rianimazione cardiopolmonare con l\u2019uso di defibrillatore) organizzati dalla societ\u00e0 di Federfarma Salerno, Promosalerno, in collaborazione con il Comitato di Salerno della Croce Rossa Italiana. Sono stati abilitati 129 farmacisti e sono stati prenotati 82 defibrillatori che da settembre saranno dislocati sul territorio provinciale, grazie al progetto sperimentale delle Farmacie Rurali voluto dalla Regione Campania.<\/p>\n<p>\u00abI defibrillatori, nella maggior parte dei casi, saranno presenti nei piccoli comuni rurali, ma abbiamo ricevuto adesioni anche da parte di farmacie urbane, anche se non possono aderire al progetto regionale\u00bb, ha precisato il dottore Ignazio Milillo, vice presidente di Promosalerno, la societ\u00e0 che ha curato la scelta e acquisto dei defibrillatori e teche, nonch\u00e9 ha organizzato i corsi BLS-D.<\/p>\n<p><a href=\"https:\/\/www.crisalerno.it\/wp-content\/uploads\/2021\/08\/federfarma-01.jpg\"><img decoding=\"async\" loading=\"lazy\" class=\" wp-image-2685 alignleft\" src=\"https:\/\/www.crisalerno.it\/wp-content\/uploads\/2021\/08\/federfarma-01-300x192.jpg\" alt=\"\" width=\"530\" height=\"339\" srcset=\"https:\/\/www.crisalerno.it\/wp-content\/uploads\/2021\/08\/federfarma-01-300x192.jpg 300w, https:\/\/www.crisalerno.it\/wp-content\/uploads\/2021\/08\/federfarma-01-1024x657.jpg 1024w, https:\/\/www.crisalerno.it\/wp-content\/uploads\/2021\/08\/federfarma-01-768x493.jpg 768w, https:\/\/www.crisalerno.it\/wp-content\/uploads\/2021\/08\/federfarma-01-1536x986.jpg 1536w, https:\/\/www.crisalerno.it\/wp-content\/uploads\/2021\/08\/federfarma-01-254x163.jpg 254w, https:\/\/www.crisalerno.it\/wp-content\/uploads\/2021\/08\/federfarma-01-210x135.jpg 210w, https:\/\/www.crisalerno.it\/wp-content\/uploads\/2021\/08\/federfarma-01-330x212.jpg 330w, https:\/\/www.crisalerno.it\/wp-content\/uploads\/2021\/08\/federfarma-01-250x160.jpg 250w, https:\/\/www.crisalerno.it\/wp-content\/uploads\/2021\/08\/federfarma-01.jpg 2048w\" sizes=\"(max-width: 530px) 100vw, 530px\" \/><\/a>\u00abAvere pi\u00f9 di 70 comuni rurali cardioprotetti \u00e8 un grande successo che pone ancora di pi\u00f9 il farmacista e la farmacia come binomio di riferimento nei piccoli centri \u2013 ha affermato il Presidente del Sunifar Salerno, il dottore Giuseppe Viggiano \u2013 ringrazio tutti i colleghi che hanno aderito al progetto soprattutto per il valore sociale dell\u2019iniziativa\u00bb.<\/p>\n<p>I corsi sono stati coordinati dalla dottoressa Francesca Iannelli, delegata dal Presidente Pandolfi e dal Consiglio Direttivo di Federfarma Salerno. \u00ab\u00c8 stato \u2013 sottolinea \u2013 un lavoro duro, in tempi stretti, ma abbiamo raggiunto il risultato con grande soddisfazione da parte dei colleghi iscritti. Abbiamo ricevuto tantissimi feedback positivi ed ulteriori richieste tant\u2019\u00e8 che stiamo gi\u00e0 predisponendo altri corsi per settembre\u00bb.<\/p>\n<p>Ogni giorno sono stati presenti ai corsi molti consiglieri di Federfarma e Promosalerno, i dottori. Cristofano, Fabbricatore, La Regina e Verdoliva che si sono interfacciati con i colleghi per raccogliere e dare suggerimenti relativamente al progetto delle Farmacie Rurali. \u00abNelle prossime settimane tutte le proposte ricevute dagli iscritti a Federfarma Salerno saranno oggetto di valutazione nell\u2019ambito del Consiglio Direttivo e su qualcosa gi\u00e0 ci stiamo adoperando\u00bb, ha dichiarato il dottore Salvatore Fabbricatore.<\/p>\n<p>\u00abIn meno di un mese 129 colleghi abilitati, acquistati 82 defibrillatori e altrettante teche \u2013 ha affermato con soddisfazione il Presidente di Federfarma Salerno, dottore Dario Pandolfi \u2013 e per questo devo ringraziare i colleghi del Direttivo che per mesi hanno lavorato al progetto, i colleghi che hanno aderito. Un altro sincero ringraziamento lo devo fare al Comitato di Salerno della Croce Rossa Italiana che ha collaborato con grande professionalit\u00e0 disponibilit\u00e0 e umanit\u00e0, caratteristiche che contraddistinguono da sempre la Croce Rossa. Ho avuto modo di incontrare e conoscere istruttori di altissimo livello, coordinati dal Presidente del Comitato di Salerno Cosimo Taurone, dal Direttore Antonio Carucci e dall\u2019Istruttrice e Delegata di Area 1 della Formazione Eleonora Manzo. A loro vanno i complimenti ed i ringraziamenti miei personali e di tutti i colleghi di Federfarma Salerno. Se sono gi\u00e0 pervenute altre richieste di iscrizioni \u00e8 anche merito dei componenti della Croce Rossa per come hanno svolto la loro attivit\u00e0 professionale\u00bb.<\/p>\n","protected":false},"excerpt":{"rendered":"<p>Si sono conclusi i corsi BLS-D, (manovre di rianimazione cardiopolmonare con l\u2019uso di defibrillatore) organizzati dalla societ\u00e0 di Federfarma Salerno, Promosalerno, in collaborazione con il Comitato di Salerno della Croce Rossa Italiana. Sono stati abilitati 129 farmacisti e sono stati prenotati 82 defibrillatori che da settembre saranno dislocati sul territorio provinciale, grazie al progetto sperimentale [&hellip;]<\/p>\n","protected":false},"author":1,"featured_media":2684,"comment_status":"closed","ping_status":"closed","sticky":false,"template":"","format":"standard","meta":[],"categories":[8],"tags":[229,230,228,37],"_links":{"self":[{"href":"https:\/\/www.crisalerno.it\/index.php?rest_route=\/wp\/v2\/posts\/2683"}],"collection":[{"href":"https:\/\/www.crisalerno.it\/index.php?rest_route=\/wp\/v2\/posts"}],"about":[{"href":"https:\/\/www.crisalerno.it\/index.php?rest_route=\/wp\/v2\/types\/post"}],"author":[{"embeddable":true,"href":"https:\/\/www.crisalerno.it\/index.php?rest_route=\/wp\/v2\/users\/1"}],"replies":[{"embeddable":true,"href":"https:\/\/www.crisalerno.it\/index.php?rest_route=%2Fwp%2Fv2%2Fcomments&post=2683"}],"version-history":[{"count":1,"href":"https:\/\/www.crisalerno.it\/index.php?rest_route=\/wp\/v2\/posts\/2683\/revisions"}],"predecessor-version":[{"id":2686,"href":"https:\/\/www.crisalerno.it\/index.php?rest_route=\/wp\/v2\/posts\/2683\/revisions\/2686"}],"wp:featuredmedia":[{"embeddable":true,"href":"https:\/\/www.crisalerno.it\/index.php?rest_route=\/wp\/v2\/media\/2684"}],"wp:attachment":[{"href":"https:\/\/www.crisalerno.it\/index.php?rest_route=%2Fwp%2Fv2%2Fmedia&parent=2683"}],"wp:term":[{"taxonomy":"category","embeddable":true,"href":"https:\/\/www.crisalerno.it\/index.php?rest_route=%2Fwp%2Fv2%2Fcategories&post=2683"},{"taxonomy":"post_tag","embeddable":true,"href":"https:\/\/www.crisalerno.it\/index.php?rest_route=%2Fwp%2Fv2%2Ftags&post=2683"}],"curies":[{"name":"wp","href":"https:\/\/api.w.org\/{rel}","templated":true}]}}